{"id":1602,"date":"2014-09-28T11:32:58","date_gmt":"2014-09-28T10:32:58","guid":{"rendered":"http:\/\/www.amicofragile.com\/?p=1602"},"modified":"2014-09-28T19:01:29","modified_gmt":"2014-09-28T18:01:29","slug":"25-10-2014-auditorium-s-domenico-pg","status":"publish","type":"post","link":"https:\/\/www.amicofragile.com\/?p=1602","title":{"rendered":"25-10-2014 Auditorium S. Domenico &#8211; Foligno (PG)"},"content":{"rendered":"\n    <h3 class=\"gigpress-related-heading\">Show correlati<\/h3>\n\n<ul class=\"gigpress-related-show active\">\n    <li>\n        <span class=\"gigpress-related-label\">Artista:<\/span>\n        <span class=\"gigpress-related-item\">&#8211;\u00a0Amico Fragile<\/span>\n    <\/li>\n\t    <li>\n        <span class=\"gigpress-related-label\">Data:<\/span>\n        <span class=\"gigpress-related-item\">25\/10\/2014\t\t<\/span>\n    <\/li>\n\t        <li>\n            <span class=\"gigpress-related-label\">Orario:<\/span>\n            <span class=\"gigpress-related-item\">6:00pm<\/span>\n        <\/li>\n\t\n    <li>\n        <span class=\"gigpress-related-label\">Sede dell'evento:<\/span>\n        <span class=\"gigpress-show-related\"><a href=\"https:\/\/plus.google.com\/118090183428676869168\/about?gl=it&#038;hl=it\">Auditorium San Domenico &#8211; LA BUONA NOVELLA<\/a><\/span>\n    <\/li>\n\n    <li>\n        <span class=\"gigpress-related-label\">Citt\u00e0:<\/span>\n        <span class=\"gigpress-related-item\">Foligno (PG) &#8211; Filarmonica di Belfiore\t\t<\/span>\n    <\/li>\n\t\t    <li>\n        <span class=\"gigpress-related-label\">Nazione:<\/span>\n        <span class=\"gigpress-related-item\">Italy<\/span>\n    <\/li>\n\t\t        <li>\n            <span class=\"gigpress-related-label\">Restrizioni et\u00e0:<\/span>\n            <span class=\"gigpress-related-item\">Per tutte le et\u00e0<\/span>\n        <\/li>\n\t\n\t\n\t\n\t\n\t        <li>\n            <span class=\"gigpress-related-label\">Note:<\/span>\n            <span class=\"gigpress-related-item\">Alessandro Acciaro canta Fabrizio de Andr\u00e8 in collaborazione con la Filarmonica di Belfiore presso l&#8217;Auditorium San Domenico a Foligno (PG)<\/span>\n        <\/li>\n\t<\/ul><p>Il 25 Ottobre 2014 alle ore 18:00 presso l&#8217;Auditorium San Domenico a Foligno, Alessandro Acciaro (voce Amico Fragile) in collaborazione con la Filarmonica di Belfiore (PG) avranno il piacere di dedicare un concerto in omaggio a <em><strong>Fabrizio de Andr\u00e8<\/strong><\/em>. Insieme ad Alessandro canteranno Davide Giannini e Lucia Giannini.<\/p>\n<p><strong>LA FILARMONICA<\/strong><\/p>\n<p>La Filarmonica di Belfiore, quale associazione musicale e culturale, genera in se il complesso bandistico pi\u00f9 prestigioso e decorato dell\u2019Umbria, un ensemble che svolge a pieno titolo (anche istituzionalizzato) il ruolo di Banda Cittadina della citt\u00e0 di Foligno. La sua presenza nel tessuto urbano \u00e8 infatti quanto mai evidente in tutte le iniziative civili e religiose che si svolgono nella citt\u00e0 e nel suo comprensorio, creando \u201cl\u2019arredo sonoro\u201d adeguato ad ogni tipo di manifestazione che preveda la presenza di musica. Peraltro, in linea con la politica artistica che la governa, la Filarmonica di Belfiore d\u00e0 origine a vari gruppi di musica da camera e complessi di varia natura che si esibiscono di volta in volta nel corso di varie iniziative ed occasioni \u201cmirate\u201d sfruttando la moltitudine di musicisti che compongono l\u2019associazione stessa e che possono in questo modo \u201ccombinarsi\u201d in qualsivoglia organico (per esempio Il Gruppo di Ottoni dei Filarmonici, il Kurt Weill Ensemble specializzato nella musica del Novecento Storico) o partecipare a produzioni sinfoniche di pi\u00f9 ampio respiro come gruppo di fiati in orchestre da camera o sinfoniche. L\u2019attivit\u00e0 del complesso si \u00e8 quindi orientata verso il concertismo (in particolare riguardo alla valorizzazione del repertorio originale per banda), alla partecipazione a rassegne e concorsi anche di livello nazionale (nei quali si \u00e8 sempre distinta con risultati pi\u00f9 che lusinghieri), all\u2019esecuzione di composizioni in prima assoluta di musicisti contemporanei e d\u2019Avanguardia, nonch\u00e9 ad essere complesso-laboratorio per corsi di perfezionamento per direttori di banda (da ricordare i seminari con M. Billi della Banda della Polizia di Stato, con K. Vlak, N. Samale, etc.). In secondo luogo (ma non per importanza) la Filarmonica di Belfiore \u00e8 presente in maniera decisiva ed autonoma per quello che riguarda la formazione musicale: infatti oltre a gestire un proprio Centro di Formazione Musicale -ove vengono insegnati tutti gli strumenti in modo particolare quelli a fiato e a percussione, vi \u00e8 la possibilit\u00e0 anche di frequentare corsi di pianoforte, solfeggio ed educazione dell\u2019orecchio, musica da camera e d\u2019insieme, armonia, storia della musica e guida all\u2019ascolto-, l\u2019Associazione Filarmonica organizza seminari, stages, scambi culturali, corsi di interesse musicale musicologico sempre rivolti alla formazione della cultura musicale di base. Tenuto conto di questa valenza di soggetto delegato alla diffusione della cultura musicale, la Filarmonica di Belfiore mette inoltre a disposizione la competenza estremamente elevata di molti dei suoi membri per collaborare alla programmazione di stagioni e rassegne concertistiche per conto proprio e in collaborazione con Enti sia pubblici e privati con finalit\u00e0 analoghe. Dal 2005 la Filarmonica propone annualmente il \u201cProgetto Accademia\u201d, un percorso di studio e produzione musicale che coinvolge tutti gli aspetti dell\u2019attivit\u00e0 dell\u2019associazione, coordinando aspetti della formazione e specializzazione dei musicisti partecipanti alla promozione ed esecuzione di eventi musicali legati da logiche stilistiche, storiche o di genere. Da ricordare i progetti legati a L. Bernstein, D. Shostakovich, W. A. Mozart, la musica del cinema ed altri importanti e stimolanti progetti che la Filarmonica ha offerto alla citt\u00e0 di Foligno ed esportato al di fuori del suo normale ambito di attivit\u00e0 territoriale. Dal 1989 la direzione artistica e musicale dell\u2019Associazione \u00e8 affidata a Marco Pontini.<\/p>\n<script type=\"application\/ld+json\">[\n    {\n        \"@context\": \"http:\/\/schema.org\",\n        \"@type\": \"Event\",\n        \"name\": \"&#8211;\\u00a0Amico Fragile\",\n        \"startDate\": \"2014-10-25T18:00:00\",\n        \"url\": \"https:\/\/www.amicofragile.com\/?p=1602\",\n        \"description\": \"Alessandro Acciaro canta Fabrizio de Andr\\u00e8 in collaborazione con la Filarmonica di Belfiore presso l&#8217;Auditorium San Domenico a Foligno (PG)\",\n        \"typicalAgeRange\": \"Per tutte le et\\u00e0\",\n        \"performers\": {\n            \"@type\": \"Organization\",\n            \"name\": \"&#8211;\\u00a0Amico Fragile\"\n        },\n        \"location\": {\n            \"@type\": \"Place\",\n            \"name\": \"Auditorium San Domenico &#8211; LA BUONA NOVELLA\",\n            \"url\": \"https:\/\/plus.google.com\/118090183428676869168\/about?gl=it&#038;hl=it\",\n            \"address\": {\n                \"@type\": \"PostalAddress\",\n                \"addressLocality\": \"Foligno (PG) &#8211; Filarmonica di Belfiore\",\n                \"addressCountry\": \"Italy\"\n            }\n        }\n    }\n]<\/script>","protected":false},"excerpt":{"rendered":"<p>Il 25 Ottobre 2014 alle ore 18:00 presso l&#8217;Auditorium San Domenico a Foligno, Alessandro Acciaro (voce Amico Fragile) in collaborazione [&hellip;]<\/p>\n","protected":false},"author":1,"featured_media":0,"comment_status":"open","ping_status":"closed","sticky":false,"template":"","format":"standard","meta":{"ngg_post_thumbnail":0,"footnotes":""},"categories":[6,7],"tags":[],"_links":{"self":[{"href":"https:\/\/www.amicofragile.com\/index.php?rest_route=\/wp\/v2\/posts\/1602"}],"collection":[{"href":"https:\/\/www.amicofragile.com\/index.php?rest_route=\/wp\/v2\/posts"}],"about":[{"href":"https:\/\/www.amicofragile.com\/index.php?rest_route=\/wp\/v2\/types\/post"}],"author":[{"embeddable":true,"href":"https:\/\/www.amicofragile.com\/index.php?rest_route=\/wp\/v2\/users\/1"}],"replies":[{"embeddable":true,"href":"https:\/\/www.amicofragile.com\/index.php?rest_route=%2Fwp%2Fv2%2Fcomments&post=1602"}],"version-history":[{"count":14,"href":"https:\/\/www.amicofragile.com\/index.php?rest_route=\/wp\/v2\/posts\/1602\/revisions"}],"predecessor-version":[{"id":1622,"href":"https:\/\/www.amicofragile.com\/index.php?rest_route=\/wp\/v2\/posts\/1602\/revisions\/1622"}],"wp:attachment":[{"href":"https:\/\/www.amicofragile.com\/index.php?rest_route=%2Fwp%2Fv2%2Fmedia&parent=1602"}],"wp:term":[{"taxonomy":"category","embeddable":true,"href":"https:\/\/www.amicofragile.com\/index.php?rest_route=%2Fwp%2Fv2%2Fcategories&post=1602"},{"taxonomy":"post_tag","embeddable":true,"href":"https:\/\/www.amicofragile.com\/index.php?rest_route=%2Fwp%2Fv2%2Ftags&post=1602"}],"curies":[{"name":"wp","href":"https:\/\/api.w.org\/{rel}","templated":true}]}}