{"id":1740,"date":"2015-06-09T12:26:59","date_gmt":"2015-06-09T11:26:59","guid":{"rendered":"http:\/\/www.amicofragile.com\/?p=1740"},"modified":"2015-06-09T13:02:28","modified_gmt":"2015-06-09T12:02:28","slug":"26-06-2015-palazzo-gazzoli-sala-blu-terni","status":"publish","type":"post","link":"https:\/\/www.amicofragile.com\/?p=1740","title":{"rendered":"26-06-2015 Palazzo Gazzoli, sala Blu &#8211; Terni"},"content":{"rendered":"\n    <h3 class=\"gigpress-related-heading\">Show correlati<\/h3>\n\n<ul class=\"gigpress-related-show active\">\n    <li>\n        <span class=\"gigpress-related-label\">Artista:<\/span>\n        <span class=\"gigpress-related-item\">&#8211;\u00a0Amico Fragile<\/span>\n    <\/li>\n\t    <li>\n        <span class=\"gigpress-related-label\">Data:<\/span>\n        <span class=\"gigpress-related-item\">26\/06\/2015\t\t<\/span>\n    <\/li>\n\t        <li>\n            <span class=\"gigpress-related-label\">Orario:<\/span>\n            <span class=\"gigpress-related-item\">9:00pm<\/span>\n        <\/li>\n\t\n    <li>\n        <span class=\"gigpress-related-label\">Sede dell'evento:<\/span>\n        <span class=\"gigpress-show-related\">Amico Fragile in concerto<\/span>\n    <\/li>\n\n    <li>\n        <span class=\"gigpress-related-label\">Citt\u00e0:<\/span>\n        <span class=\"gigpress-related-item\">Terni-Palazzo Gazzoli\t\t<\/span>\n    <\/li>\n\t\t    <li>\n        <span class=\"gigpress-related-label\">Nazione:<\/span>\n        <span class=\"gigpress-related-item\">Italy<\/span>\n    <\/li>\n\t        <li>\n            <span class=\"gigpress-related-label\">Ingresso:<\/span>\n            <span class=\"gigpress-related-item\">10,00<\/span>\n        <\/li>\n\t\t        <li>\n            <span class=\"gigpress-related-label\">Restrizioni et\u00e0:<\/span>\n            <span class=\"gigpress-related-item\">Per tutte le et\u00e0<\/span>\n        <\/li>\n\t\n\t\n\t\n\t\n\t<\/ul><p>Amico Fragile \u00e8 lieta di intervenire a &#8220;<strong>MUSICA &amp; SPORT Solidariet\u00e0 senza confini<\/strong>&#8220;, venerd\u00ec 26 Giugno 2015 alle ore 21.00 riportando sul palco il famoso concept-album di <em>Fabrizio de Andr\u00e8<\/em> <strong>STORIA DI UN IMPIEGATO<\/strong>. Seguiranno i classici come Don Raffa\u00e8, a Dumenega, la Guerra di Piero, Via del Campo, Zirichiltaggia e altro ancora. Il ricavato sar\u00e0 interamente devoluto a favore dell&#8217;Associazione &#8220;NOI COME VOI&#8221;.<br \/>\n<a href=\"http:\/\/www.amicofragile.com\/wp-content\/uploads\/2015\/06\/A31.jpg\"><img decoding=\"async\" loading=\"lazy\" class=\"aligncenter size-large wp-image-1743\" title=\"A3\" src=\"http:\/\/www.amicofragile.com\/wp-content\/uploads\/2015\/06\/A31-724x1024.jpg\" alt=\"\" width=\"680\" height=\"961\" srcset=\"https:\/\/www.amicofragile.com\/wp-content\/uploads\/2015\/06\/A31-724x1024.jpg 724w, https:\/\/www.amicofragile.com\/wp-content\/uploads\/2015\/06\/A31-212x300.jpg 212w, https:\/\/www.amicofragile.com\/wp-content\/uploads\/2015\/06\/A31-768x1086.jpg 768w, https:\/\/www.amicofragile.com\/wp-content\/uploads\/2015\/06\/A31-1086x1536.jpg 1086w, https:\/\/www.amicofragile.com\/wp-content\/uploads\/2015\/06\/A31-1448x2048.jpg 1448w\" sizes=\"(max-width: 680px) 100vw, 680px\" \/><\/a><\/p>\n<script type=\"application\/ld+json\">[\n    {\n        \"@context\": \"http:\/\/schema.org\",\n        \"@type\": \"Event\",\n        \"name\": \"&#8211;\\u00a0Amico Fragile\",\n        \"startDate\": \"2015-06-26T21:00:00\",\n        \"url\": \"https:\/\/www.amicofragile.com\/?p=1740\",\n        \"typicalAgeRange\": \"Per tutte le et\\u00e0\",\n        \"performers\": {\n            \"@type\": \"Organization\",\n            \"name\": \"&#8211;\\u00a0Amico Fragile\"\n        },\n        \"location\": {\n            \"@type\": \"Place\",\n            \"name\": \"Amico Fragile in concerto\",\n            \"address\": {\n                \"@type\": \"PostalAddress\",\n                \"addressLocality\": \"Terni-Palazzo Gazzoli\",\n                \"addressCountry\": \"Italy\"\n            }\n        },\n        \"offers\": {\n            \"@type\": \"Offer\",\n            \"price\": \"10,00\"\n        }\n    }\n]<\/script>","protected":false},"excerpt":{"rendered":"<p>Amico Fragile \u00e8 lieta di intervenire a &#8220;MUSICA &amp; SPORT Solidariet\u00e0 senza confini&#8220;, venerd\u00ec 26 Giugno 2015 alle ore 21.00 [&hellip;]<\/p>\n","protected":false},"author":1,"featured_media":0,"comment_status":"open","ping_status":"closed","sticky":false,"template":"","format":"standard","meta":{"ngg_post_thumbnail":0,"footnotes":""},"categories":[6],"tags":[],"_links":{"self":[{"href":"https:\/\/www.amicofragile.com\/index.php?rest_route=\/wp\/v2\/posts\/1740"}],"collection":[{"href":"https:\/\/www.amicofragile.com\/index.php?rest_route=\/wp\/v2\/posts"}],"about":[{"href":"https:\/\/www.amicofragile.com\/index.php?rest_route=\/wp\/v2\/types\/post"}],"author":[{"embeddable":true,"href":"https:\/\/www.amicofragile.com\/index.php?rest_route=\/wp\/v2\/users\/1"}],"replies":[{"embeddable":true,"href":"https:\/\/www.amicofragile.com\/index.php?rest_route=%2Fwp%2Fv2%2Fcomments&post=1740"}],"version-history":[{"count":7,"href":"https:\/\/www.amicofragile.com\/index.php?rest_route=\/wp\/v2\/posts\/1740\/revisions"}],"predecessor-version":[{"id":1748,"href":"https:\/\/www.amicofragile.com\/index.php?rest_route=\/wp\/v2\/posts\/1740\/revisions\/1748"}],"wp:attachment":[{"href":"https:\/\/www.amicofragile.com\/index.php?rest_route=%2Fwp%2Fv2%2Fmedia&parent=1740"}],"wp:term":[{"taxonomy":"category","embeddable":true,"href":"https:\/\/www.amicofragile.com\/index.php?rest_route=%2Fwp%2Fv2%2Fcategories&post=1740"},{"taxonomy":"post_tag","embeddable":true,"href":"https:\/\/www.amicofragile.com\/index.php?rest_route=%2Fwp%2Fv2%2Ftags&post=1740"}],"curies":[{"name":"wp","href":"https:\/\/api.w.org\/{rel}","templated":true}]}}